{"id":914,"date":"2012-12-31T16:48:39","date_gmt":"2012-12-31T21:48:39","guid":{"rendered":"https:\/\/wordpress.clarku.edu\/abebbington\/?p=914"},"modified":"2016-08-17T16:57:40","modified_gmt":"2016-08-17T20:57:40","slug":"territorios-en-movimiento-dinamicas-territoriales-rurales-en-america-latina","status":"publish","type":"post","link":"https:\/\/wordpress.clarku.edu\/abebbington\/2012\/2012\/territorios-en-movimiento-dinamicas-territoriales-rurales-en-america-latina\/","title":{"rendered":"Territorios en Movimiento: Din\u00e1micas Territoriales Rurales en Am\u00e9rica Latina"},"content":{"rendered":"<p><strong>| Por Julio A. Berdegu\u00e9, Anthony Bebbington, Javier Escobal, Arilson Favareto, M. Ignacia Fern\u00e1ndez, Pablo Ospina, Helle Munk Ravnborg, Francisco Aguirre, Manuel Chiriboga, Ileana G\u00f3mez, Ligia G\u00f3mez, F\u00e9lix Modrego, Susan Paulson, Eduardo Ram\u00edrez, Alexander Schejtman, y Carolina Trivelli | Documento de Trabajo No. 110. Santiago: Rimisp. |\\<\/strong><\/p>\n<p>| <a href=\"https:\/\/wordpress.clarku.edu\/wp-content\/uploads\/sites\/40\/2016\/08\/Working-Paper-2012-Territorios-en-movimiento.pdf\" target=\"_blank\">Full text<\/a>\u00a0text (PDF) |<\/p>\n<p><strong>Extracto<\/strong>:\u00a0La aspiraci\u00f3n de que las regiones rurales latinoamericanas logren en forma simult\u00e1nea crecimiento\u00a0econ\u00f3mico, inclusi\u00f3n social y sustentabilidad ambiental, ha motivado por muchos a\u00f1os las\u00a0estrategias y pol\u00edticas p\u00fablicas y la acci\u00f3n de muchos agentes p\u00fablicos y privados.\u00a0A pesar del progreso, las desigualdades econ\u00f3micas y sociales son caracter\u00edsticas fuertemente\u00a0enraizadas en Am\u00e9rica Latina (de Ferranti et al., 2004; CEPAL, 2010; PNUD, 2010; Lustig et al.,\u00a02011). Ellas se relacionan, como causa y como efecto, con las diferencias de poder entre diferentes\u00a0sectores de nuestras sociedades. En la mayor\u00eda de los pa\u00edses de la regi\u00f3n, el 10 por ciento m\u00e1s\u00a0rico de la poblaci\u00f3n concentra m\u00e1s de la mitad del ingreso, y el 20 por ciento m\u00e1s pobre recibe\u00a0menos de un 5 por ciento del ingreso total. Los \u00edndices de Gini del ingreso per c\u00e1pita van\u00a0desde el 0.42 de Per\u00fa o el 0.43 de Uruguay, al 0.57 de Brasil o el 0.59 de Rep\u00fablica Dominicana;\u00a0aquellos pa\u00edses de Am\u00e9rica Latina con \u00edndices de Gini menores a 0.5, se ubican entre los m\u00e1s\u00a0desiguales del mundo cuando la comparaci\u00f3n se extiende a nivel mundial.\u00a0La hip\u00f3tesis subyacente que justifica el programa Din\u00e1micas Territoriales Rurales, es que las\u00a0desigualdades socioecon\u00f3micas en Am\u00e9rica Latina tienen un componente territorial, diferente\u00a0y adicional a las desigualdades que se manifiestan entre personas, hogares y grupos sociales.<\/p>\n","protected":false},"excerpt":{"rendered":"<p>| Por Julio A. Berdegu\u00e9, Anthony Bebbington, Javier Escobal, Arilson Favareto, M. Ignacia Fern\u00e1ndez, Pablo Ospina, Helle Munk Ravnborg, Francisco Aguirre, Manuel Chiriboga, Ileana G\u00f3mez, Ligia G\u00f3mez, F\u00e9lix Modrego, Susan [&hellip;]<\/p>\n","protected":false},"author":455,"featured_media":0,"comment_status":"closed","ping_status":"closed","sticky":false,"template":"","format":"standard","meta":{"ngg_post_thumbnail":0,"footnotes":""},"categories":[30670,34799,35098],"tags":[24544,31555,34848,34852],"class_list":["post-914","post","type-post","status-publish","format-standard","hentry","category-30670","category-espanol","category-discussion-papers-and-conference-proceedings","tag-development","tag-latin-america","tag-rural-development","tag-territory"],"_links":{"self":[{"href":"https:\/\/wordpress.clarku.edu\/abebbington\/wp-json\/wp\/v2\/posts\/914","targetHints":{"allow":["GET"]}}],"collection":[{"href":"https:\/\/wordpress.clarku.edu\/abebbington\/wp-json\/wp\/v2\/posts"}],"about":[{"href":"https:\/\/wordpress.clarku.edu\/abebbington\/wp-json\/wp\/v2\/types\/post"}],"author":[{"embeddable":true,"href":"https:\/\/wordpress.clarku.edu\/abebbington\/wp-json\/wp\/v2\/users\/455"}],"replies":[{"embeddable":true,"href":"https:\/\/wordpress.clarku.edu\/abebbington\/wp-json\/wp\/v2\/comments?post=914"}],"version-history":[{"count":0,"href":"https:\/\/wordpress.clarku.edu\/abebbington\/wp-json\/wp\/v2\/posts\/914\/revisions"}],"wp:attachment":[{"href":"https:\/\/wordpress.clarku.edu\/abebbington\/wp-json\/wp\/v2\/media?parent=914"}],"wp:term":[{"taxonomy":"category","embeddable":true,"href":"https:\/\/wordpress.clarku.edu\/abebbington\/wp-json\/wp\/v2\/categories?post=914"},{"taxonomy":"post_tag","embeddable":true,"href":"https:\/\/wordpress.clarku.edu\/abebbington\/wp-json\/wp\/v2\/tags?post=914"}],"curies":[{"name":"wp","href":"https:\/\/api.w.org\/{rel}","templated":true}]}}